{"id":2402,"date":"2021-12-08T20:30:28","date_gmt":"2021-12-08T20:30:28","guid":{"rendered":"https:\/\/triomphedesdeuxcoeurs.com\/?p=2402"},"modified":"2021-12-14T21:39:22","modified_gmt":"2021-12-14T21:39:22","slug":"2012","status":"publish","type":"post","link":"https:\/\/triomphedesdeuxcoeurs.com\/en\/2021\/12\/08\/2012\/","title":{"rendered":"2012"},"content":{"rendered":"<p>Voici une des pri\u00e8res re\u00e7ues qui m&#8217;a \u00e9t\u00e9 dict\u00e9e par J\u00e9sus-Christ autour des ann\u00e9es 2012.<\/p>\n\n\n\n<p>J&#8217;ai dans le c\u0153ur de vous la partager, en demandant au Seigneur que la b\u00e9n\u00e9diction apostolique que j&#8217;avais re\u00e7u en l&#8217;an 2000 par le Pape Jean-Paul II vous parvienne \u00e9galement, ainsi que la b\u00e9n\u00e9diction de sainte Anne qu&#8217;elle m&#8217;a fait recevoir au nom du peuple de chr\u00e9tiens lorsque j&#8217;\u00e9tais devant sa statue dans sa Basilique. Elle m&#8217;a dit: &#8220;re\u00e7ois la b\u00e9n\u00e9diction de mon C\u0153ur maternel au nom de tous, ma fille. \u00c0 genou, mon enfant&#8230;&#8221;<\/p>\n\n\n\n<p>Pri\u00e8re de cons\u00e9cration au C\u0153ur triomphant de Marie<\/p>\n\n\n\n<p>Je me soumets \u00e0 ton v\u00e9ritable C\u0153ur, ma tr\u00e8s honor\u00e9e M\u00e8re. Tu combats l\u2019ennemi et tu le vaincs par ton C\u0153ur triomphant. Ton C\u0153ur est rempli d&#8217;une esp\u00e9rance neuve, semblable \u00e0 une nouvelle Arche de No\u00e9, mais triomphante. Marie, ton C\u0153ur m\u2019est comme une Arche d\u2019Alliance qui descend de la Cit\u00e9 sainte et qui impose sa Royaut\u00e9 spirituelle sur ses fils et filles d\u2019adoption.<\/p>\n\n\n\n<p>Je me soumets \u00e0 toi, \u00f4 C\u0153ur immacul\u00e9 de Marie. Tu m\u2019environnes de ta bont\u00e9 et tu m\u2019abreuves de l\u2019Eau vive du Seigneur. Tu es ma forteresse, \u00f4 Reine de tous les saints, toi qui soumets des peuples \u00e0 ton Fils par pur d\u00e9sir de lui plaire. Tu lui consacres toi-m\u00eame nos \u00e2mes, tu attends notre oui et tu ne cesses de nous inviter \u00e0 r\u00e9pondre \u00e0 ton appel.&nbsp;<\/p>\n\n\n\n<p>Ensemble, nous disons oui \u00e0 ton C\u0153ur immacul\u00e9 et glorieux, car tu es mont\u00e9e en corps et en \u00e2me aupr\u00e8s de ton divin Fils. Les d\u00e9crets divins sont tels que nous jouissons d\u00e9j\u00e0 du bonheur de poss\u00e9der Dieu, ayant pour M\u00e8re Marie qui nous d\u00e9fend avec son pied droit de l\u2019ennemi. Oui, Marie, tu lui \u00e9crases la t\u00eate et il ne peut qu\u2019aller \u00e0 ton talon. Marie, avec l\u2019aide du Prince de la Milice c\u00e9leste, tu le pr\u00e9cipites en cet instant au fond de l\u2019enfer. Il est terrass\u00e9 \u00e0 ta vue. Montre-lui tes joyaux divins et rev\u00eats-en tes fils et tes filles d\u2019adoption que nous sommes.<\/p>\n\n\n\n<p>Amen! All\u00e9luia! Que r\u00e8gne ton C\u0153ur immacul\u00e9 sur nous par le pouvoir m\u00eame que tu as re\u00e7u du P\u00e8re. Que toute gloire et tout honneur soient rendus \u00e0 Dieu seul, lui qui est, qui \u00e9tait et qui vient, pour les si\u00e8cles des si\u00e8cles. Amen.<\/p>","protected":false},"excerpt":{"rendered":"<p>Voici une des pri\u00e8res re\u00e7ues qui m&#8217;a \u00e9t\u00e9 dict\u00e9e par J\u00e9sus-Christ autour des ann\u00e9es 2012. J&#8217;ai dans le c\u0153ur de vous la partager, en demandant au Seigneur que la b\u00e9n\u00e9diction apostolique que j&#8217;avais re\u00e7u en l&#8217;an 2000 par le Pape Jean-Paul II vous parvienne \u00e9galement, ainsi que la b\u00e9n\u00e9diction de sainte Anne qu&#8217;elle m&#8217;a fait [&hellip;]<\/p>\n","protected":false},"author":1,"featured_media":2469,"comment_status":"closed","ping_status":"open","sticky":false,"template":"","format":"standard","meta":{"give_campaign_id":0,"footnotes":""},"categories":[1],"tags":[],"class_list":["post-2402","post","type-post","status-publish","format-standard","has-post-thumbnail","hentry","category-messages-inspires"],"_links":{"self":[{"href":"https:\/\/triomphedesdeuxcoeurs.com\/en\/wp-json\/wp\/v2\/posts\/2402","targetHints":{"allow":["GET"]}}],"collection":[{"href":"https:\/\/triomphedesdeuxcoeurs.com\/en\/wp-json\/wp\/v2\/posts"}],"about":[{"href":"https:\/\/triomphedesdeuxcoeurs.com\/en\/wp-json\/wp\/v2\/types\/post"}],"author":[{"embeddable":true,"href":"https:\/\/triomphedesdeuxcoeurs.com\/en\/wp-json\/wp\/v2\/users\/1"}],"replies":[{"embeddable":true,"href":"https:\/\/triomphedesdeuxcoeurs.com\/en\/wp-json\/wp\/v2\/comments?post=2402"}],"version-history":[{"count":1,"href":"https:\/\/triomphedesdeuxcoeurs.com\/en\/wp-json\/wp\/v2\/posts\/2402\/revisions"}],"predecessor-version":[{"id":2403,"href":"https:\/\/triomphedesdeuxcoeurs.com\/en\/wp-json\/wp\/v2\/posts\/2402\/revisions\/2403"}],"wp:featuredmedia":[{"embeddable":true,"href":"https:\/\/triomphedesdeuxcoeurs.com\/en\/wp-json\/wp\/v2\/media\/2469"}],"wp:attachment":[{"href":"https:\/\/triomphedesdeuxcoeurs.com\/en\/wp-json\/wp\/v2\/media?parent=2402"}],"wp:term":[{"taxonomy":"category","embeddable":true,"href":"https:\/\/triomphedesdeuxcoeurs.com\/en\/wp-json\/wp\/v2\/categories?post=2402"},{"taxonomy":"post_tag","embeddable":true,"href":"https:\/\/triomphedesdeuxcoeurs.com\/en\/wp-json\/wp\/v2\/tags?post=2402"}],"curies":[{"name":"wp","href":"https:\/\/api.w.org\/{rel}","templated":true}]}}